{"id":173,"date":"2024-12-18T10:35:00","date_gmt":"2024-12-18T09:35:00","guid":{"rendered":"https:\/\/azvok.azvo.hr\/?p=173"},"modified":"2025-10-13T10:36:03","modified_gmt":"2025-10-13T08:36:03","slug":"u-organizaciji-azvo-a-odrzana-edukacija-za-izradu-samoanalize-u-postupku-reakreditacije","status":"publish","type":"post","link":"https:\/\/azvok.azvo.hr\/?p=173","title":{"rendered":"U organizaciji AZVO-a odr\u017eana edukacija za izradu samoanalize u postupku reakreditacije"},"content":{"rendered":"\n<p>Edukacija za izradu samoanalize u postupku reakreditacije za predstavnike visokih u\u010dili\u0161ta koja su obuhva\u0107ena Planom reakreditacije visokih u\u010dili\u0161ta u 2025. godini odr\u017eana je u organizaciji Agencije za znanost i visoko obrazovanje (AZVO) 17. prosinca 2024. godine u Zagrebu.<\/p>\n\n\n\n<p>Tom prigodom predstavljeni su Pravilnik o provedbi postupka reakreditacije visokih u\u010dili\u0161ta, Standardi kvalitete za vrednovanje u postupku reakreditacije visokih u\u010dili\u0161ta, obrazac prikaza podataka, odnosno analiti\u010dki prilog samoanalizi, zatim nova aplikacija unutar informacijskog &nbsp;sustava ISeVO osmi\u0161ljena s ciljem pru\u017eanja podr\u0161ke visokim u\u010dili\u0161tima te pregled programa mobilnosti u sustavu znanosti i visokog obrazovanja.<\/p>\n\n\n\n<p>Na po\u010detku doga\u0111anja prisutnima su se obratile ravnateljica Agencije za znanost i visoko obrazovanje, prof. dr. sc. Danijela Horvatek Tomi\u0107 i predsjednica Akreditacijskog savjeta, prof. dr. sc. Mirjana Hru\u0161kar.<\/p>\n\n\n\n<p>Istaknuto je da, iako je novi zakonski okvir donio odre\u0111ene izmjene, svrha postupka reakreditacije kao obveznog postupka vanjskog vrednovanja kojemu u petogodi\u0161njim ciklusima podlije\u017eu sva javna i privatna visoka u\u010dili\u0161ta u Republici Hrvatskoj, primarno je osiguravanje kvalitete i poticanje njezina daljnjeg razvoja u svim glavnim aspektima rada visokih u\u010dili\u0161ta.<\/p>\n\n\n\n<p>O sadr\u017eaju Pravilnika o provedbi postupka reakreditacije visokih u\u010dili\u0161ta, Standardima kvalitete za vrednovanje u postupke reakreditacije te sadr\u017eaju analiti\u010dkog priloga samoanalizi, predstavnike visokih u\u010dili\u0161ta su kroz prezentacije informirali djelatnici AZVO-a \u2013 Vlatka \u0160u\u0161njak Kulji\u0161, Matan \u010culo i Davor Juri\u0107.<\/p>\n\n\n\n<p>Tijekom edukacije osobito su nagla\u0161ene novosti vezane za proces unosa podataka i novog sustava za izradu analiti\u010dkog priloga u postupku reakreditacije. &nbsp;Za potrebe tre\u0107eg ciklusa reakreditacije razvijen je modul za reakreditaciju u sklopu novog &nbsp;Informacijskog sustava pokazatelja i kvalitete (ISPiK), s ciljem pru\u017eanja i ja\u010danja podr\u0161ke visokim u\u010dili\u0161tima u pripremi analiti\u010dkog priloga izvje\u0161\u0107a o samoanalizi, o \u010demu su prisutne informirale mr. sc. Nad\u017ea Milanovi\u0107 i Petra Udovi\u010di\u0107 iz&nbsp;<a href=\"https:\/\/www.srce.unizg.hr\/\">Sveu\u010dili\u0161nog ra\u010dunarskog centra (Srce).<\/a><\/p>\n\n\n\n<p>Edukaciji su prisustvovale i Dijana Stilinovi\u0107 i Sandra Vidovi\u0107 iz&nbsp;<a href=\"https:\/\/www.ampeu.hr\/\">Agencije za mobilnost i programe Europske unije (AMPEU)<\/a>&nbsp;koje su kroz prezentacije iznijele pregled programa mobilnosti u sustavu visokog obrazovanja i znanosti.<\/p>\n\n\n\n<p><em>Edukacija je odr\u017eana u okviru projekta \u201cOsiguravanje kvalitete u visokom obrazovanju\u201d financiranog iz Programa U\u010dinkoviti ljudski potencijali 2021. \u2013 2027. Europskog socijalnog fonda plus (ESF+).<\/em><\/p>\n\n\n\n<h4 class=\"wp-block-heading\">Povezane datoteke<\/h4>\n\n\n\n<ul class=\"wp-block-list\">\n<li><a href=\"https:\/\/www.azvo.hr\/wp-azvo-files\/uploads\/2024\/12\/Pravilnik-o-provedbi-postupka-reakreditacije-visokih-ucilista.pptx\" target=\"_blank\" rel=\"noreferrer noopener\">Pravilnik o provedbi postupka reakreditacije visokih u\u010dili\u0161ta <strong>PPTX | 2 MB<\/strong>\u00a0<\/a><\/li>\n\n\n\n<li><a href=\"https:\/\/www.azvo.hr\/wp-azvo-files\/uploads\/2024\/12\/Standardi-za-vrednovanje-kvalitete-u-postupku-reakreditacije-visokih-ucilista-i-Analiticki-prilog-samoanalizi.pptx\" target=\"_blank\" rel=\"noreferrer noopener\">Standardi za vrednovanje kvalitete u postupku reakreditacije visokih u\u010dili\u0161ta i analiti\u010dki prilog samoanalizi<strong> PPTX | 3 MB<\/strong>\u00a0<\/a><\/li>\n\n\n\n<li><a href=\"https:\/\/www.azvo.hr\/wp-azvo-files\/uploads\/2024\/12\/Pregled-procesa-unosa-podataka-i-sustava-za-izradu-analitickog-priloga-u-postupku-reakreditacije.pptx\" target=\"_blank\" rel=\"noreferrer noopener\">Pregled procesa unosa podataka i sustava za izradu analiti\u010dkog priloga u postupku reakreditacije <strong>PPTX | 4 MB<\/strong>\u00a0<\/a><\/li>\n\n\n\n<li><a href=\"https:\/\/www.azvo.hr\/wp-azvo-files\/uploads\/2024\/12\/Pregled-programa-mobilnosti-u-sustavu-znanosti-i-visokog-obrazovanja.pptx\" target=\"_blank\" rel=\"noreferrer noopener\">Pregled programa mobilnosti u sustavu znanosti i visokog obrazovanja<strong> PPTX | 7 MB<\/strong>\u00a0<\/a><\/li>\n\n\n\n<li><a href=\"https:\/\/www.azvo.hr\/wp-azvo-files\/uploads\/2024\/12\/PROGRAM-EDUKACIJE-ZA-IZRADU-SAMOANALIZE-U-POSTUPKU-REAKREDITACIJE-ZA-VISOKA-UCILISTA.pdf\" target=\"_blank\" rel=\"noreferrer noopener\">Program edukacije za izradu samoanalize u postupku reakreditacije visokih u\u010dili\u0161ta u 2025. godini <strong>PDF | 191 KB<\/strong>\u00a0<\/a><\/li>\n<\/ul>\n\n\n\n<p><\/p>\n","protected":false},"excerpt":{"rendered":"<p>Edukacija za izradu samoanalize u postupku reakreditacije za predstavnike visokih u\u010dili\u0161ta koja su obuhva\u0107ena Planom reakreditacije visokih u\u010dili\u0161ta u 2025. godini odr\u017eana je u organizaciji Agencije za znanost i visoko obrazovanje (AZVO) 17. prosinca 2024. godine u Zagrebu. Tom prigodom predstavljeni su Pravilnik o provedbi postupka reakreditacije visokih u\u010dili\u0161ta, Standardi kvalitete za vrednovanje u postupku [&hellip;]<\/p>\n","protected":false},"author":1,"featured_media":0,"comment_status":"closed","ping_status":"closed","sticky":false,"template":"","format":"standard","meta":{"footnotes":""},"categories":[7],"tags":[],"class_list":["post-173","post","type-post","status-publish","format-standard","hentry","category-edukacije"],"rttpg_featured_image_url":null,"rttpg_author":{"display_name":"azvok","author_link":"https:\/\/azvok.azvo.hr\/?author=1"},"rttpg_comment":0,"rttpg_category":"<a href=\"https:\/\/azvok.azvo.hr\/?cat=7\" rel=\"category\">EDUKACIJE<\/a>","rttpg_excerpt":"Edukacija za izradu samoanalize u postupku reakreditacije za predstavnike visokih u\u010dili\u0161ta koja su obuhva\u0107ena Planom reakreditacije visokih u\u010dili\u0161ta u 2025. godini odr\u017eana je u organizaciji Agencije za znanost i visoko obrazovanje (AZVO) 17. prosinca 2024. godine u Zagrebu. Tom prigodom predstavljeni su Pravilnik o provedbi postupka reakreditacije visokih u\u010dili\u0161ta, Standardi kvalitete za vrednovanje u postupku&hellip;","_links":{"self":[{"href":"https:\/\/azvok.azvo.hr\/index.php?rest_route=\/wp\/v2\/posts\/173","targetHints":{"allow":["GET"]}}],"collection":[{"href":"https:\/\/azvok.azvo.hr\/index.php?rest_route=\/wp\/v2\/posts"}],"about":[{"href":"https:\/\/azvok.azvo.hr\/index.php?rest_route=\/wp\/v2\/types\/post"}],"author":[{"embeddable":true,"href":"https:\/\/azvok.azvo.hr\/index.php?rest_route=\/wp\/v2\/users\/1"}],"replies":[{"embeddable":true,"href":"https:\/\/azvok.azvo.hr\/index.php?rest_route=%2Fwp%2Fv2%2Fcomments&post=173"}],"version-history":[{"count":1,"href":"https:\/\/azvok.azvo.hr\/index.php?rest_route=\/wp\/v2\/posts\/173\/revisions"}],"predecessor-version":[{"id":174,"href":"https:\/\/azvok.azvo.hr\/index.php?rest_route=\/wp\/v2\/posts\/173\/revisions\/174"}],"wp:attachment":[{"href":"https:\/\/azvok.azvo.hr\/index.php?rest_route=%2Fwp%2Fv2%2Fmedia&parent=173"}],"wp:term":[{"taxonomy":"category","embeddable":true,"href":"https:\/\/azvok.azvo.hr\/index.php?rest_route=%2Fwp%2Fv2%2Fcategories&post=173"},{"taxonomy":"post_tag","embeddable":true,"href":"https:\/\/azvok.azvo.hr\/index.php?rest_route=%2Fwp%2Fv2%2Ftags&post=173"}],"curies":[{"name":"wp","href":"https:\/\/api.w.org\/{rel}","templated":true}]}}