{"id":337,"date":"2025-11-11T14:03:54","date_gmt":"2025-11-11T13:03:54","guid":{"rendered":"https:\/\/azvok.azvo.hr\/?p=337"},"modified":"2025-11-13T09:53:25","modified_gmt":"2025-11-13T08:53:25","slug":"odrzana-opca-skupstina-enqa-e-u-bruxellesu","status":"publish","type":"post","link":"https:\/\/azvok.azvo.hr\/?p=337","title":{"rendered":"Odr\u017eana Op\u0107a skup\u0161tina ENQA-e u Bruxellesu"},"content":{"rendered":"\n<p>Op\u0107a skup\u0161tina Europske udruge za osiguravanje kvalitete u visokom obrazovanju (ENQA), kojoj su prisustvovale ravnateljica Agencije za znanost i visoko obrazovanje prof. dr. sc. Danijela Horvatek Tomi\u0107 i zamjenica dr. sc. Irena Petru\u0161i\u0107, odr\u017eana je u Bruxellesu od 23. do 24. listopada 2025. godine, uz sve\u010dani prijem 22. listopada povodom obilje\u017eavanja 25. obljetnice djelovanja organizacije.<\/p>\n\n\n\n<p>Doma\u0107ini su bili VLUHR QA (Flamansko vije\u0107e za visoko obrazovanje \u2013 osiguravanje kvalitete) i AEQES, a doga\u0111anje je okupilo \u010dlanove ENQA-e, pridru\u017eene \u010dlanove, promatra\u010de i partnerske organizacije na plenarne sjednice, radne sastanke i slu\u017ebeni dio Skup\u0161tine.<\/p>\n\n\n\n<p>Skup\u0161tina je usvojila niz statutarnih i upravlja\u010dkih odluka. Izabrani su novi \u010dlanovi Upravnog odbora ENQA-e: Marilena Maniaci (ANVUR, Italija), Bryan Maguire (QQI, Irska) i Federico Mor\u00e1n (madri+d, \u0160panjolska), svaki na trogodi\u0161nji mandat. Tako\u0111er su izabrani novi predsjednik i potpredsjednici, \u010dime je ozna\u010dena smjena vodstva nakon zavr\u0161etka mandata dosada\u0161njeg predsjednika. Za predsjednicu ENQA-e je izabrana Cristina Ghi\u021bulic\u0103 (ARACIS, Rumunjska) dok su &nbsp;Kristin Vinje (NOKUT, Norve\u0161ka) i Patrick Van den Bosch (VLUHR-QA, Belgija) izabrani za potpredsjednike.<\/p>\n\n\n\n<p>Jedna od glavnih to\u010daka dnevnog reda odnosila se na planiranje novog strate\u0161kog ciklusa ENQA-e za razdoblje 2026.\u20132030., zajedno s prora\u010dunom i planom rada za 2026. godinu. Raspravljalo se i o izmjenama Statuta i Poslovnika te o prijemu novih \u010dlanova. Ove odluke usmjerene su na daljnje uskla\u0111ivanje rada ENQA-e s prioritetima u osiguravanju kvalitete, posebno u kontekstu globalne primjene ESG standarda, digitalizacije i odgovorne uporabe umjetne inteligencije, kao i ja\u010danja me\u0111unarodne suradnje me\u0111u agencijama za osiguravanje kvalitete.<\/p>\n\n\n\n<p>Plenarna izlaganja bila su posve\u0107ena klju\u010dnim temama koje oblikuju europski i globalni prostor osiguravanja kvalitete:<\/p>\n\n\n\n<ul class=\"wp-block-list\">\n<li><strong>Uloga ESG standarda u globalnom kontekstu<\/strong>\u00a0\u2013 prikaz aktualnih pristupa implementaciji ESG-a izvan Europe te izazova u osiguravanju dosljedne primjene;<\/li>\n\n\n\n<li><strong>Umjetna inteligencija i osiguravanje kvalitete<\/strong>\u00a0\u2013 utjecaj alata umjetne inteligencije na proces vrednovanja, samoprocjene i dono\u0161enja odluka, uz naglasak na eti\u010dke i transparentne prakse;<\/li>\n\n\n\n<li><strong>Unutarnja kultura kvalitete u visokom obrazovanju<\/strong>\u00a0\u2013 na\u010dini na koje agencije mogu poticati razvoj odr\u017eivih sustava kvalitete unutar visoko\u0161kolskih ustanova.<\/li>\n<\/ul>\n\n\n\n<p>Paralelne radionice bile su organizirane u nekoliko tematskih blokova. Raspravljalo se o obuci i profesionalnom razvoju vrednovatelja, uz predstavljanje primjera dobrih praksi i modela suradnje me\u0111u agencijama.<\/p>\n\n\n\n<p>Posebna pozornost posve\u0107ena je digitalnoj transformaciji u osiguravanju kvalitete, s naglaskom na kori\u0161tenje digitalnih alata i podataka u procesima vrednovanja. Sudionici su razmjenjivali iskustva o suradnji i uzajamnom u\u010denju me\u0111u agencijama, uklju\u010duju\u0107i inicijative za zajedni\u010dke projekte i razmjenu stru\u010dnjaka. Tako\u0111er se raspravljalo o ulozi ENQA-e u globalnim mre\u017eama te doprinosu europskih agencija ja\u010danju me\u0111unarodnih standarda i priznavanju kvalitete.<\/p>\n\n\n\n<p>Ovogodi\u0161nja Op\u0107a skup\u0161tina spojila je sve\u010dano obilje\u017eavanje jubileja s va\u017enim strate\u0161kim i upravlja\u010dkim odlukama, potvr\u0111uju\u0107i vode\u0107u ulogu ENQA-e u oblikovanju politika i praksi osiguravanja kvalitete u Europi i \u0161ire. Donesene odluke prepoznaju suvremene izazove povezane s umjetnom inteligencijom, internacionalizacijom i ja\u010danjem kapaciteta agencija.<\/p>\n\n\n\n<figure class=\"wp-block-image\"><img decoding=\"async\" src=\"https:\/\/www.azvo.hr\/wp-azvo-files\/uploads\/2025\/11\/ENQA_ravnateljica-i-Irena-scaled.jpg\" alt=\"\"\/><\/figure>\n\n\n\n<h4 class=\"wp-block-heading\">Poveznice<\/h4>\n\n\n\n<ul class=\"wp-block-list\">\n<li><a href=\"https:\/\/www.enqa.eu\/events\/2025-enqa-general-assembly-22-24-october-brussels-belgium\/\">The 2025 ENQA General Assembly<\/a><\/li>\n<\/ul>\n","protected":false},"excerpt":{"rendered":"<p>Op\u0107a skup\u0161tina Europske udruge za osiguravanje kvalitete u visokom obrazovanju (ENQA), kojoj su prisustvovale ravnateljica Agencije za znanost i visoko obrazovanje prof. dr. sc. Danijela Horvatek Tomi\u0107 i zamjenica dr. sc. Irena Petru\u0161i\u0107, odr\u017eana je u Bruxellesu od 23. do 24. listopada 2025. godine, uz sve\u010dani prijem 22. listopada povodom obilje\u017eavanja 25. obljetnice djelovanja organizacije. [&hellip;]<\/p>\n","protected":false},"author":1,"featured_media":0,"comment_status":"closed","ping_status":"closed","sticky":false,"template":"","format":"standard","meta":{"footnotes":""},"categories":[8],"tags":[],"class_list":["post-337","post","type-post","status-publish","format-standard","hentry","category-novosti"],"rttpg_featured_image_url":null,"rttpg_author":{"display_name":"azvok","author_link":"https:\/\/azvok.azvo.hr\/?author=1"},"rttpg_comment":0,"rttpg_category":"<a href=\"https:\/\/azvok.azvo.hr\/?cat=8\" rel=\"category\">NOVOSTI<\/a>","rttpg_excerpt":"Op\u0107a skup\u0161tina Europske udruge za osiguravanje kvalitete u visokom obrazovanju (ENQA), kojoj su prisustvovale ravnateljica Agencije za znanost i visoko obrazovanje prof. dr. sc. Danijela Horvatek Tomi\u0107 i zamjenica dr. sc. Irena Petru\u0161i\u0107, odr\u017eana je u Bruxellesu od 23. do 24. listopada 2025. godine, uz sve\u010dani prijem 22. listopada povodom obilje\u017eavanja 25. obljetnice djelovanja organizacije.&hellip;","_links":{"self":[{"href":"https:\/\/azvok.azvo.hr\/index.php?rest_route=\/wp\/v2\/posts\/337","targetHints":{"allow":["GET"]}}],"collection":[{"href":"https:\/\/azvok.azvo.hr\/index.php?rest_route=\/wp\/v2\/posts"}],"about":[{"href":"https:\/\/azvok.azvo.hr\/index.php?rest_route=\/wp\/v2\/types\/post"}],"author":[{"embeddable":true,"href":"https:\/\/azvok.azvo.hr\/index.php?rest_route=\/wp\/v2\/users\/1"}],"replies":[{"embeddable":true,"href":"https:\/\/azvok.azvo.hr\/index.php?rest_route=%2Fwp%2Fv2%2Fcomments&post=337"}],"version-history":[{"count":1,"href":"https:\/\/azvok.azvo.hr\/index.php?rest_route=\/wp\/v2\/posts\/337\/revisions"}],"predecessor-version":[{"id":338,"href":"https:\/\/azvok.azvo.hr\/index.php?rest_route=\/wp\/v2\/posts\/337\/revisions\/338"}],"wp:attachment":[{"href":"https:\/\/azvok.azvo.hr\/index.php?rest_route=%2Fwp%2Fv2%2Fmedia&parent=337"}],"wp:term":[{"taxonomy":"category","embeddable":true,"href":"https:\/\/azvok.azvo.hr\/index.php?rest_route=%2Fwp%2Fv2%2Fcategories&post=337"},{"taxonomy":"post_tag","embeddable":true,"href":"https:\/\/azvok.azvo.hr\/index.php?rest_route=%2Fwp%2Fv2%2Ftags&post=337"}],"curies":[{"name":"wp","href":"https:\/\/api.w.org\/{rel}","templated":true}]}}